{"id":17370,"date":"2013-12-03T16:07:43","date_gmt":"2013-12-03T20:07:43","guid":{"rendered":"https:\/\/www.insa.gob.bo\/?post_type=nota_prensa&#038;p=17370"},"modified":"2025-08-19T16:11:31","modified_gmt":"2025-08-19T20:11:31","slug":"tecnicos-del-insa-son-capacitados-en-verificacion-y-evaluacion-de-danos","status":"publish","type":"nota_prensa","link":"https:\/\/www.insa.gob.bo\/index.php\/nota_prensa\/tecnicos-del-insa-son-capacitados-en-verificacion-y-evaluacion-de-danos\/","title":{"rendered":"T\u00e9cnicos del INSA son capacitados en verificaci\u00f3n y evaluaci\u00f3n de da\u00f1os"},"featured_media":0,"template":"","class_list":["post-17370","nota_prensa","type-nota_prensa","status-publish","hentry"],"acf":[],"_links":{"self":[{"href":"https:\/\/www.insa.gob.bo\/index.php\/wp-json\/wp\/v2\/nota_prensa\/17370","targetHints":{"allow":["GET"]}}],"collection":[{"href":"https:\/\/www.insa.gob.bo\/index.php\/wp-json\/wp\/v2\/nota_prensa"}],"about":[{"href":"https:\/\/www.insa.gob.bo\/index.php\/wp-json\/wp\/v2\/types\/nota_prensa"}],"wp:attachment":[{"href":"https:\/\/www.insa.gob.bo\/index.php\/wp-json\/wp\/v2\/media?parent=17370"}],"curies":[{"name":"wp","href":"https:\/\/api.w.org\/{rel}","templated":true}]}}