{"id":17376,"date":"2014-01-22T16:18:56","date_gmt":"2014-01-22T20:18:56","guid":{"rendered":"https:\/\/www.insa.gob.bo\/?post_type=nota_prensa&#038;p=17376"},"modified":"2025-08-19T16:20:25","modified_gmt":"2025-08-19T20:20:25","slug":"91-mil-hectareas-contaron-por-primera-vez-en-bolivia-con-cobertura-de-seguro-en-la-campana-agricola-2012-2013","status":"publish","type":"nota_prensa","link":"https:\/\/www.insa.gob.bo\/index.php\/nota_prensa\/91-mil-hectareas-contaron-por-primera-vez-en-bolivia-con-cobertura-de-seguro-en-la-campana-agricola-2012-2013\/","title":{"rendered":"91 mil hect\u00e1reas contaron por primera vez en Bolivia con cobertura de seguro en la campa\u00f1a agr\u00edcola 2012 &#8211; 2013"},"featured_media":0,"template":"","class_list":["post-17376","nota_prensa","type-nota_prensa","status-publish","hentry"],"acf":[],"_links":{"self":[{"href":"https:\/\/www.insa.gob.bo\/index.php\/wp-json\/wp\/v2\/nota_prensa\/17376","targetHints":{"allow":["GET"]}}],"collection":[{"href":"https:\/\/www.insa.gob.bo\/index.php\/wp-json\/wp\/v2\/nota_prensa"}],"about":[{"href":"https:\/\/www.insa.gob.bo\/index.php\/wp-json\/wp\/v2\/types\/nota_prensa"}],"wp:attachment":[{"href":"https:\/\/www.insa.gob.bo\/index.php\/wp-json\/wp\/v2\/media?parent=17376"}],"curies":[{"name":"wp","href":"https:\/\/api.w.org\/{rel}","templated":true}]}}