{"id":17387,"date":"2014-02-20T16:36:16","date_gmt":"2014-02-20T20:36:16","guid":{"rendered":"https:\/\/www.insa.gob.bo\/?post_type=nota_prensa&#038;p=17387"},"modified":"2025-08-19T16:37:43","modified_gmt":"2025-08-19T20:37:43","slug":"el-insa-evalua-reporte-de-danos-en-43-comunidades-indigenas-guaranies-del-chaco-cruceno","status":"publish","type":"nota_prensa","link":"https:\/\/www.insa.gob.bo\/index.php\/nota_prensa\/el-insa-evalua-reporte-de-danos-en-43-comunidades-indigenas-guaranies-del-chaco-cruceno\/","title":{"rendered":"El INSA eval\u00faa reporte de da\u00f1os en 43 comunidades ind\u00edgenas Guaran\u00edes del Chaco Cruce\u00f1o"},"featured_media":0,"template":"","class_list":["post-17387","nota_prensa","type-nota_prensa","status-publish","hentry"],"acf":[],"_links":{"self":[{"href":"https:\/\/www.insa.gob.bo\/index.php\/wp-json\/wp\/v2\/nota_prensa\/17387","targetHints":{"allow":["GET"]}}],"collection":[{"href":"https:\/\/www.insa.gob.bo\/index.php\/wp-json\/wp\/v2\/nota_prensa"}],"about":[{"href":"https:\/\/www.insa.gob.bo\/index.php\/wp-json\/wp\/v2\/types\/nota_prensa"}],"wp:attachment":[{"href":"https:\/\/www.insa.gob.bo\/index.php\/wp-json\/wp\/v2\/media?parent=17387"}],"curies":[{"name":"wp","href":"https:\/\/api.w.org\/{rel}","templated":true}]}}