{"id":17402,"date":"2014-08-20T17:11:16","date_gmt":"2014-08-20T21:11:16","guid":{"rendered":"https:\/\/www.insa.gob.bo\/?post_type=nota_prensa&#038;p=17402"},"modified":"2025-08-19T17:12:24","modified_gmt":"2025-08-19T21:12:24","slug":"el-insa-inicia-el-proceso-de-capacitacion-acerca-del-registro-agricola-comunal-para-la-campana-agricola-2014-2015","status":"publish","type":"nota_prensa","link":"https:\/\/www.insa.gob.bo\/index.php\/nota_prensa\/el-insa-inicia-el-proceso-de-capacitacion-acerca-del-registro-agricola-comunal-para-la-campana-agricola-2014-2015\/","title":{"rendered":"El INSA inicia el proceso de capacitaci\u00f3n acerca del Registro Agr\u00edcola Comunal para la campa\u00f1a agr\u00edcola 2014-2015"},"featured_media":0,"template":"","class_list":["post-17402","nota_prensa","type-nota_prensa","status-publish","hentry"],"acf":[],"_links":{"self":[{"href":"https:\/\/www.insa.gob.bo\/index.php\/wp-json\/wp\/v2\/nota_prensa\/17402","targetHints":{"allow":["GET"]}}],"collection":[{"href":"https:\/\/www.insa.gob.bo\/index.php\/wp-json\/wp\/v2\/nota_prensa"}],"about":[{"href":"https:\/\/www.insa.gob.bo\/index.php\/wp-json\/wp\/v2\/types\/nota_prensa"}],"wp:attachment":[{"href":"https:\/\/www.insa.gob.bo\/index.php\/wp-json\/wp\/v2\/media?parent=17402"}],"curies":[{"name":"wp","href":"https:\/\/api.w.org\/{rel}","templated":true}]}}