{"id":17459,"date":"2014-12-04T09:43:37","date_gmt":"2014-12-04T13:43:37","guid":{"rendered":"https:\/\/www.insa.gob.bo\/?post_type=nota_prensa&#038;p=17459"},"modified":"2025-08-20T09:45:18","modified_gmt":"2025-08-20T13:45:18","slug":"se-desarrolla-con-exito-la-primera-feria-de-tecnologia-e-innovacion-agropecuaria-en-oruro","status":"publish","type":"nota_prensa","link":"https:\/\/www.insa.gob.bo\/index.php\/nota_prensa\/se-desarrolla-con-exito-la-primera-feria-de-tecnologia-e-innovacion-agropecuaria-en-oruro\/","title":{"rendered":"Se desarrolla con \u00e9xito la primera Feria de Tecnolog\u00eda e Innovaci\u00f3n Agropecuaria en Oruro"},"featured_media":0,"template":"","class_list":["post-17459","nota_prensa","type-nota_prensa","status-publish","hentry"],"acf":[],"_links":{"self":[{"href":"https:\/\/www.insa.gob.bo\/index.php\/wp-json\/wp\/v2\/nota_prensa\/17459","targetHints":{"allow":["GET"]}}],"collection":[{"href":"https:\/\/www.insa.gob.bo\/index.php\/wp-json\/wp\/v2\/nota_prensa"}],"about":[{"href":"https:\/\/www.insa.gob.bo\/index.php\/wp-json\/wp\/v2\/types\/nota_prensa"}],"wp:attachment":[{"href":"https:\/\/www.insa.gob.bo\/index.php\/wp-json\/wp\/v2\/media?parent=17459"}],"curies":[{"name":"wp","href":"https:\/\/api.w.org\/{rel}","templated":true}]}}