{"id":17465,"date":"2015-01-26T09:49:13","date_gmt":"2015-01-26T13:49:13","guid":{"rendered":"https:\/\/www.insa.gob.bo\/?post_type=nota_prensa&#038;p=17465"},"modified":"2025-08-20T09:50:26","modified_gmt":"2025-08-20T13:50:26","slug":"insa-desplaza-equipos-tecnicos-tras-reportes-de-perdidas-de-cultivos-en-el-pais","status":"publish","type":"nota_prensa","link":"https:\/\/www.insa.gob.bo\/index.php\/nota_prensa\/insa-desplaza-equipos-tecnicos-tras-reportes-de-perdidas-de-cultivos-en-el-pais\/","title":{"rendered":"INSA desplaza equipos t\u00e9cnicos tras reportes de p\u00e9rdidas de cultivos en el pa\u00eds"},"featured_media":0,"template":"","class_list":["post-17465","nota_prensa","type-nota_prensa","status-publish","hentry"],"acf":[],"_links":{"self":[{"href":"https:\/\/www.insa.gob.bo\/index.php\/wp-json\/wp\/v2\/nota_prensa\/17465","targetHints":{"allow":["GET"]}}],"collection":[{"href":"https:\/\/www.insa.gob.bo\/index.php\/wp-json\/wp\/v2\/nota_prensa"}],"about":[{"href":"https:\/\/www.insa.gob.bo\/index.php\/wp-json\/wp\/v2\/types\/nota_prensa"}],"wp:attachment":[{"href":"https:\/\/www.insa.gob.bo\/index.php\/wp-json\/wp\/v2\/media?parent=17465"}],"curies":[{"name":"wp","href":"https:\/\/api.w.org\/{rel}","templated":true}]}}