{"id":17467,"date":"2015-02-03T09:50:34","date_gmt":"2015-02-03T13:50:34","guid":{"rendered":"https:\/\/www.insa.gob.bo\/?post_type=nota_prensa&#038;p=17467"},"modified":"2025-08-20T09:52:26","modified_gmt":"2025-08-20T13:52:26","slug":"el-insa-realizo-su-rendicion-de-cuentas-de-la-gestion-2014","status":"publish","type":"nota_prensa","link":"https:\/\/www.insa.gob.bo\/index.php\/nota_prensa\/el-insa-realizo-su-rendicion-de-cuentas-de-la-gestion-2014\/","title":{"rendered":"El INSA realiz\u00f3 su Rendici\u00f3n de Cuentas de la gesti\u00f3n 2014"},"featured_media":0,"template":"","class_list":["post-17467","nota_prensa","type-nota_prensa","status-publish","hentry"],"acf":[],"_links":{"self":[{"href":"https:\/\/www.insa.gob.bo\/index.php\/wp-json\/wp\/v2\/nota_prensa\/17467","targetHints":{"allow":["GET"]}}],"collection":[{"href":"https:\/\/www.insa.gob.bo\/index.php\/wp-json\/wp\/v2\/nota_prensa"}],"about":[{"href":"https:\/\/www.insa.gob.bo\/index.php\/wp-json\/wp\/v2\/types\/nota_prensa"}],"wp:attachment":[{"href":"https:\/\/www.insa.gob.bo\/index.php\/wp-json\/wp\/v2\/media?parent=17467"}],"curies":[{"name":"wp","href":"https:\/\/api.w.org\/{rel}","templated":true}]}}