{"id":17813,"date":"2025-06-20T10:01:46","date_gmt":"2025-06-20T14:01:46","guid":{"rendered":"https:\/\/www.insa.gob.bo\/?post_type=nota_prensa&#038;p=17813"},"modified":"2025-08-21T10:05:56","modified_gmt":"2025-08-21T14:05:56","slug":"el-insa-evalua-perdidas-de-maiz-por-eventos-climaticos-en-ayata-y-chuma-la-paz","status":"publish","type":"nota_prensa","link":"https:\/\/www.insa.gob.bo\/index.php\/nota_prensa\/el-insa-evalua-perdidas-de-maiz-por-eventos-climaticos-en-ayata-y-chuma-la-paz\/","title":{"rendered":"EL INSA EVAL\u00daA P\u00c9RDIDAS DE MA\u00cdZ POR EVENTOS CLIM\u00c1TICOS EN AYATA Y CHUMA, LA PAZ"},"featured_media":0,"template":"","class_list":["post-17813","nota_prensa","type-nota_prensa","status-publish","hentry"],"acf":[],"_links":{"self":[{"href":"https:\/\/www.insa.gob.bo\/index.php\/wp-json\/wp\/v2\/nota_prensa\/17813","targetHints":{"allow":["GET"]}}],"collection":[{"href":"https:\/\/www.insa.gob.bo\/index.php\/wp-json\/wp\/v2\/nota_prensa"}],"about":[{"href":"https:\/\/www.insa.gob.bo\/index.php\/wp-json\/wp\/v2\/types\/nota_prensa"}],"wp:attachment":[{"href":"https:\/\/www.insa.gob.bo\/index.php\/wp-json\/wp\/v2\/media?parent=17813"}],"curies":[{"name":"wp","href":"https:\/\/api.w.org\/{rel}","templated":true}]}}