{"id":17866,"date":"2025-05-12T10:31:06","date_gmt":"2025-05-12T14:31:06","guid":{"rendered":"https:\/\/www.insa.gob.bo\/?post_type=nota_prensa&#038;p=17866"},"modified":"2025-08-21T10:32:20","modified_gmt":"2025-08-21T14:32:20","slug":"insa-realiza-verificacion-y-evaluacion-de-cultivos-en-yunchara-tras-afectaciones-climaticas","status":"publish","type":"nota_prensa","link":"https:\/\/www.insa.gob.bo\/index.php\/nota_prensa\/insa-realiza-verificacion-y-evaluacion-de-cultivos-en-yunchara-tras-afectaciones-climaticas\/","title":{"rendered":"INSA REALIZA VERIFICACI\u00d3N Y EVALUACI\u00d3N DE CULTIVOS EN YUNCHAR\u00c1 TRAS AFECTACIONES CLIM\u00c1TICAS"},"featured_media":0,"template":"","class_list":["post-17866","nota_prensa","type-nota_prensa","status-publish","hentry"],"acf":[],"_links":{"self":[{"href":"https:\/\/www.insa.gob.bo\/index.php\/wp-json\/wp\/v2\/nota_prensa\/17866","targetHints":{"allow":["GET"]}}],"collection":[{"href":"https:\/\/www.insa.gob.bo\/index.php\/wp-json\/wp\/v2\/nota_prensa"}],"about":[{"href":"https:\/\/www.insa.gob.bo\/index.php\/wp-json\/wp\/v2\/types\/nota_prensa"}],"wp:attachment":[{"href":"https:\/\/www.insa.gob.bo\/index.php\/wp-json\/wp\/v2\/media?parent=17866"}],"curies":[{"name":"wp","href":"https:\/\/api.w.org\/{rel}","templated":true}]}}