{"id":17883,"date":"2025-05-06T10:57:37","date_gmt":"2025-05-06T14:57:37","guid":{"rendered":"https:\/\/www.insa.gob.bo\/?post_type=nota_prensa&#038;p=17883"},"modified":"2025-08-21T10:58:36","modified_gmt":"2025-08-21T14:58:36","slug":"insa-verifica-danos-en-cultivos-agricolas-en-tapacari-cochabamba","status":"publish","type":"nota_prensa","link":"https:\/\/www.insa.gob.bo\/index.php\/nota_prensa\/insa-verifica-danos-en-cultivos-agricolas-en-tapacari-cochabamba\/","title":{"rendered":"INSA VERIFICA DA\u00d1OS EN CULTIVOS AGR\u00cdCOLAS EN TAPACAR\u00cd, COCHABAMBA"},"featured_media":0,"template":"","class_list":["post-17883","nota_prensa","type-nota_prensa","status-publish","hentry"],"acf":[],"_links":{"self":[{"href":"https:\/\/www.insa.gob.bo\/index.php\/wp-json\/wp\/v2\/nota_prensa\/17883","targetHints":{"allow":["GET"]}}],"collection":[{"href":"https:\/\/www.insa.gob.bo\/index.php\/wp-json\/wp\/v2\/nota_prensa"}],"about":[{"href":"https:\/\/www.insa.gob.bo\/index.php\/wp-json\/wp\/v2\/types\/nota_prensa"}],"wp:attachment":[{"href":"https:\/\/www.insa.gob.bo\/index.php\/wp-json\/wp\/v2\/media?parent=17883"}],"curies":[{"name":"wp","href":"https:\/\/api.w.org\/{rel}","templated":true}]}}