{"id":17958,"date":"2025-04-04T11:40:00","date_gmt":"2025-04-04T15:40:00","guid":{"rendered":"https:\/\/www.insa.gob.bo\/?post_type=nota_prensa&#038;p=17958"},"modified":"2025-08-21T11:40:51","modified_gmt":"2025-08-21T15:40:51","slug":"insa-verifica-y-evalua-danos-en-cultivos-de-papa-en-potosi-tras-heladas-e-inundaciones","status":"publish","type":"nota_prensa","link":"https:\/\/www.insa.gob.bo\/index.php\/nota_prensa\/insa-verifica-y-evalua-danos-en-cultivos-de-papa-en-potosi-tras-heladas-e-inundaciones\/","title":{"rendered":"INSA VERIFICA Y EVAL\u00daA DA\u00d1OS EN CULTIVOS DE PAPA EN POTOS\u00cd TRAS HELADAS E INUNDACIONES"},"featured_media":0,"template":"","class_list":["post-17958","nota_prensa","type-nota_prensa","status-publish","hentry"],"acf":[],"_links":{"self":[{"href":"https:\/\/www.insa.gob.bo\/index.php\/wp-json\/wp\/v2\/nota_prensa\/17958","targetHints":{"allow":["GET"]}}],"collection":[{"href":"https:\/\/www.insa.gob.bo\/index.php\/wp-json\/wp\/v2\/nota_prensa"}],"about":[{"href":"https:\/\/www.insa.gob.bo\/index.php\/wp-json\/wp\/v2\/types\/nota_prensa"}],"wp:attachment":[{"href":"https:\/\/www.insa.gob.bo\/index.php\/wp-json\/wp\/v2\/media?parent=17958"}],"curies":[{"name":"wp","href":"https:\/\/api.w.org\/{rel}","templated":true}]}}