{"id":17973,"date":"2025-04-02T11:44:03","date_gmt":"2025-04-02T15:44:03","guid":{"rendered":"https:\/\/www.insa.gob.bo\/?post_type=nota_prensa&#038;p=17973"},"modified":"2025-08-21T11:44:52","modified_gmt":"2025-08-21T15:44:52","slug":"insa-y-la-uto-renuevan-convenio-para-impulsar-practicas-profesionales-e-investigacion-agricola","status":"publish","type":"nota_prensa","link":"https:\/\/www.insa.gob.bo\/index.php\/nota_prensa\/insa-y-la-uto-renuevan-convenio-para-impulsar-practicas-profesionales-e-investigacion-agricola\/","title":{"rendered":"INSA Y LA UTO RENUEVAN CONVENIO PARA IMPULSAR PR\u00c1CTICAS PROFESIONALES E INVESTIGACI\u00d3N AGR\u00cdCOLA"},"featured_media":0,"template":"","class_list":["post-17973","nota_prensa","type-nota_prensa","status-publish","hentry"],"acf":[],"_links":{"self":[{"href":"https:\/\/www.insa.gob.bo\/index.php\/wp-json\/wp\/v2\/nota_prensa\/17973","targetHints":{"allow":["GET"]}}],"collection":[{"href":"https:\/\/www.insa.gob.bo\/index.php\/wp-json\/wp\/v2\/nota_prensa"}],"about":[{"href":"https:\/\/www.insa.gob.bo\/index.php\/wp-json\/wp\/v2\/types\/nota_prensa"}],"wp:attachment":[{"href":"https:\/\/www.insa.gob.bo\/index.php\/wp-json\/wp\/v2\/media?parent=17973"}],"curies":[{"name":"wp","href":"https:\/\/api.w.org\/{rel}","templated":true}]}}