{"id":27795,"date":"2026-03-04T15:16:04","date_gmt":"2026-03-04T19:16:04","guid":{"rendered":"https:\/\/www.insa.gob.bo\/?post_type=nota_prensa&#038;p=27795"},"modified":"2026-03-11T15:18:46","modified_gmt":"2026-03-11T19:18:46","slug":"insa-capacita-a-tecnicos-y-autoridades-en-gestion-de-siniestros-para-la-campana-agricola-2025-2026","status":"publish","type":"nota_prensa","link":"https:\/\/www.insa.gob.bo\/index.php\/nota_prensa\/insa-capacita-a-tecnicos-y-autoridades-en-gestion-de-siniestros-para-la-campana-agricola-2025-2026\/","title":{"rendered":"INSA capacita a t\u00e9cnicos y autoridades en gesti\u00f3n de siniestros para la campa\u00f1a agr\u00edcola 2025-2026"},"featured_media":0,"template":"","class_list":["post-27795","nota_prensa","type-nota_prensa","status-publish","hentry"],"acf":[],"_links":{"self":[{"href":"https:\/\/www.insa.gob.bo\/index.php\/wp-json\/wp\/v2\/nota_prensa\/27795","targetHints":{"allow":["GET"]}}],"collection":[{"href":"https:\/\/www.insa.gob.bo\/index.php\/wp-json\/wp\/v2\/nota_prensa"}],"about":[{"href":"https:\/\/www.insa.gob.bo\/index.php\/wp-json\/wp\/v2\/types\/nota_prensa"}],"wp:attachment":[{"href":"https:\/\/www.insa.gob.bo\/index.php\/wp-json\/wp\/v2\/media?parent=27795"}],"curies":[{"name":"wp","href":"https:\/\/api.w.org\/{rel}","templated":true}]}}