{"id":27802,"date":"2026-03-05T15:33:27","date_gmt":"2026-03-05T19:33:27","guid":{"rendered":"https:\/\/www.insa.gob.bo\/?post_type=nota_prensa&#038;p=27802"},"modified":"2026-03-11T15:37:12","modified_gmt":"2026-03-11T19:37:12","slug":"insa-y-senamhi-fortalecen-articulacion-estrategica-para-optimizar-la-gestion-del-riesgo-agroclimatico","status":"publish","type":"nota_prensa","link":"https:\/\/www.insa.gob.bo\/index.php\/nota_prensa\/insa-y-senamhi-fortalecen-articulacion-estrategica-para-optimizar-la-gestion-del-riesgo-agroclimatico\/","title":{"rendered":"INSA y SENAMHI fortalecen articulaci\u00f3n estrat\u00e9gica para optimizar la gesti\u00f3n del riesgo agroclim\u00e1tico"},"featured_media":0,"template":"","class_list":["post-27802","nota_prensa","type-nota_prensa","status-publish","hentry"],"acf":[],"_links":{"self":[{"href":"https:\/\/www.insa.gob.bo\/index.php\/wp-json\/wp\/v2\/nota_prensa\/27802","targetHints":{"allow":["GET"]}}],"collection":[{"href":"https:\/\/www.insa.gob.bo\/index.php\/wp-json\/wp\/v2\/nota_prensa"}],"about":[{"href":"https:\/\/www.insa.gob.bo\/index.php\/wp-json\/wp\/v2\/types\/nota_prensa"}],"wp:attachment":[{"href":"https:\/\/www.insa.gob.bo\/index.php\/wp-json\/wp\/v2\/media?parent=27802"}],"curies":[{"name":"wp","href":"https:\/\/api.w.org\/{rel}","templated":true}]}}